{"id":12209,"date":"2025-02-26T17:10:15","date_gmt":"2025-02-26T16:10:15","guid":{"rendered":"https:\/\/www.sereni-d.com\/sin-categorizar\/formation-punaises-de-lit-inelp\/"},"modified":"2025-03-20T18:08:31","modified_gmt":"2025-03-20T17:08:31","slug":"formacion-chinches-de-cama-inelp","status":"publish","type":"post","link":"https:\/\/www.sereni-d.com\/es\/noticias\/formacion-chinches-de-cama-inelp\/","title":{"rendered":"Formaci\u00f3n sobre Chinches de Cama en INELP con Jean-Michel B\u00e9renger: Experiencia y Profundizaci\u00f3n"},"content":{"rendered":"\n<p>Los d\u00edas 19 y 20 de febrero de 2025, participamos en la formaci\u00f3n <em>\u00abGesti\u00f3n del Riesgo de Plagas: Chinches de Cama\u00bb<\/em>, impartida por Jean-Michel B\u00e9renger en el INELP (<em>Instituto Nacional de Estudio y Lucha contra las Chinches de Cama<\/em>) en Toulouse. Esta formaci\u00f3n reforz\u00f3 nuestra experiencia en prevenci\u00f3n, detecci\u00f3n y control de las chinches de cama, una plaga en crecimiento que afecta a numerosos sectores, especialmente la hosteler\u00eda, la vivienda colectiva y el transporte.<\/p>\n\n\n\n<h3 class=\"wp-block-heading\"><strong>Objetivos de la formaci\u00f3n: Dominar la lucha contra las chinches de cama<\/strong><\/h3>\n\n\n\n<p>El control eficaz de las chinches de cama requiere un conocimiento profundo de estos insectos y de las t\u00e9cnicas m\u00e1s avanzadas para su erradicaci\u00f3n. La formaci\u00f3n ten\u00eda los siguientes objetivos:<\/p>\n\n\n\n<p>\u2705 Identificar las chinches de cama y diferenciarlas de otros insectos<br>\u2705 Comprender su biolog\u00eda, comportamiento y modo de propagaci\u00f3n<br>\u2705 Conocer los m\u00e9todos de control existentes, desde tratamientos qu\u00edmicos hasta soluciones naturales<br>\u2705 Implementar una estrategia de control integrada adaptada a los diferentes niveles de infestaci\u00f3n<\/p>\n\n\n\n<h3 class=\"wp-block-heading\"><strong>Competencias evaluadas y reforzadas<\/strong><\/h3>\n\n\n\n<p>Al finalizar la formaci\u00f3n, profundizamos en los siguientes aspectos:<\/p>\n\n\n\n<p>\u2714\ufe0f Reconocer las chinches de cama y analizar su impacto en el medioambiente<br>\u2714\ufe0f Evaluar el nivel de infestaci\u00f3n e identificar los signos de presencia<br>\u2714\ufe0f Aplicar t\u00e9cnicas de control adaptadas en funci\u00f3n del diagn\u00f3stico realizado<br>\u2714\ufe0f Dominar las soluciones y tratamientos existentes para una erradicaci\u00f3n sostenible<\/p>\n\n\n\n<h3 class=\"wp-block-heading\"><strong>El INELP: Un instituto de referencia en la lucha contra las chinches de cama<\/strong><\/h3>\n\n\n\n<p>El INELP es una organizaci\u00f3n independiente creada por expertos en chinches de cama que han unido sus conocimientos para ofrecer formaciones de alto nivel. Acompa\u00f1a a los profesionales en la identificaci\u00f3n de infestaciones y la aplicaci\u00f3n de protocolos probados para un control eficaz y duradero de estos insectos.<\/p>\n\n\n\n<h3 class=\"wp-block-heading\"><strong>Una formaci\u00f3n enriquecedora y pr\u00e1ctica<\/strong><\/h3>\n\n\n\n<p>Adem\u00e1s de los conocimientos te\u00f3ricos sobre la biolog\u00eda de las chinches de cama, los m\u00e9todos de detecci\u00f3n, la evaluaci\u00f3n del nivel de infestaci\u00f3n y los tratamientos disponibles, la formaci\u00f3n se enriqueci\u00f3 con numerosos casos pr\u00e1cticos y experiencias de campo. Jean-Michel B\u00e9renger, gracias a su experiencia y an\u00e9cdotas del terreno, transmiti\u00f3 valiosos conocimientos a los participantes, incluidos t\u00e9cnicos 3D (control de plagas), representantes de asociaciones y expertos en detecci\u00f3n canina de la empresa ECO-FLAIR.<\/p>\n\n\n\n<h3 class=\"wp-block-heading\"><strong>Nuestro m\u00e1s sincero agradecimiento a:<\/strong><\/h3>\n\n\n\n<p>\ud83d\uded1 <strong>Jean-Michel B\u00e9renger<\/strong>, entom\u00f3logo m\u00e9dico en el IHU M\u00e9diterran\u00e9e Infection, director del <em>Laboratorio de Diagn\u00f3stico de Insectos<\/em> y reconocido experto en el estudio y control de las chinches de cama durante m\u00e1s de 12 a\u00f1os<br>\ud83d\uded1 <strong>Marie Effroy<\/strong>, directora de ECO-FLAIR y presidenta del INELP, por su hospitalidad en las instalaciones de ECO-FLAIR y las demostraciones de detecci\u00f3n canina<\/p>\n\n\n\n<h3 class=\"wp-block-heading\"><strong>Una formaci\u00f3n esencial para profesionales y laboratorios especializados<\/strong><\/h3>\n\n\n\n<p>Recomendamos encarecidamente esta formaci\u00f3n a:<\/p>\n\n\n\n<p>\ud83d\udd39 Laboratorios que desarrollan soluciones contra las chinches de cama<br>\ud83d\udd39 Profesionales 3D (Desratizaci\u00f3n, Desinsectaci\u00f3n, Desinfecci\u00f3n)<br>\ud83d\udd39 Expertos en diagn\u00f3stico y detecci\u00f3n canina<br>\ud83d\udd39 Hoteleros, arrendadores y administradores de viviendas colectivas<\/p>\n\n\n\n<p>Gracias a esta formaci\u00f3n, reforzamos nuestra experiencia en Sereni-d\u00ae y reafirmamos nuestro compromiso de desarrollar soluciones naturales, eficaces y sostenibles contra las chinches de cama.<\/p>\n\n\n\n<p>\ud83d\udce2 Descubre nuestra gama en <strong><a href=\"http:\/\/www.sereni-d.com\">www.sereni-d.com<\/a><\/strong> para conocer m\u00e1s sobre nuestras soluciones contra las chinches de cama.<\/p>\n\n\n\n<p><\/p>\n\n\n<div class=\"wp-block-image\">\n<figure class=\"aligncenter size-full\"><img loading=\"lazy\" decoding=\"async\" width=\"709\" height=\"1015\" src=\"https:\/\/www.sereni-d.com\/wp-content\/uploads\/2025\/02\/ATTESTATION-FORMATION-PUNAISES-DE-LIT-INELP.jpg\" alt=\"\" class=\"wp-image-12170\" srcset=\"https:\/\/www.sereni-d.com\/wp-content\/uploads\/2025\/02\/ATTESTATION-FORMATION-PUNAISES-DE-LIT-INELP.jpg 709w, https:\/\/www.sereni-d.com\/wp-content\/uploads\/2025\/02\/ATTESTATION-FORMATION-PUNAISES-DE-LIT-INELP-210x300.jpg 210w, https:\/\/www.sereni-d.com\/wp-content\/uploads\/2025\/02\/ATTESTATION-FORMATION-PUNAISES-DE-LIT-INELP-600x859.jpg 600w\" sizes=\"auto, (max-width: 709px) 100vw, 709px\" \/><\/figure>\n<\/div>\n\n<div class=\"wp-block-image\">\n<figure class=\"aligncenter size-full\"><img loading=\"lazy\" decoding=\"async\" width=\"679\" height=\"976\" src=\"https:\/\/www.sereni-d.com\/wp-content\/uploads\/2025\/02\/CERTIFICAT-DE-ReALISATION-FORMATION-INELP.jpg\" alt=\"\" class=\"wp-image-12175\" srcset=\"https:\/\/www.sereni-d.com\/wp-content\/uploads\/2025\/02\/CERTIFICAT-DE-ReALISATION-FORMATION-INELP.jpg 679w, https:\/\/www.sereni-d.com\/wp-content\/uploads\/2025\/02\/CERTIFICAT-DE-ReALISATION-FORMATION-INELP-209x300.jpg 209w, https:\/\/www.sereni-d.com\/wp-content\/uploads\/2025\/02\/CERTIFICAT-DE-ReALISATION-FORMATION-INELP-600x862.jpg 600w\" sizes=\"auto, (max-width: 679px) 100vw, 679px\" \/><\/figure>\n<\/div>","protected":false},"excerpt":{"rendered":"<p>Los d\u00edas 19 y 20 de febrero de 2025, participamos en la formaci\u00f3n \u00abGesti\u00f3n del Riesgo de Plagas: Chinches de Cama\u00bb, impartida por Jean-Michel B\u00e9renger en el INELP (Instituto Nacional de Estudio y Lucha contra las Chinches de Cama) en Toulouse. Esta formaci\u00f3n reforz\u00f3 nuestra experiencia en prevenci\u00f3n, detecci\u00f3n y control de las chinches de [&hellip;]<\/p>\n","protected":false},"author":3,"featured_media":12198,"comment_status":"open","ping_status":"open","sticky":false,"template":"","format":"standard","meta":{"_acf_changed":false,"_monsterinsights_skip_tracking":false,"_monsterinsights_sitenote_active":false,"_monsterinsights_sitenote_note":"","_monsterinsights_sitenote_category":0,"footnotes":""},"categories":[146,119],"tags":[],"class_list":["post-12209","post","type-post","status-publish","format-standard","has-post-thumbnail","hentry","category-noticias","category-sin-categorizar"],"acf":[],"yoast_head":"<!-- This site is optimized with the Yoast SEO plugin v27.4 - https:\/\/yoast.com\/product\/yoast-seo-wordpress\/ -->\n<title>Formaci\u00f3n sobre Chinches de Cama en INELP con Jean-Michel B\u00e9renger: Experiencia y Profundizaci\u00f3n - Sereni-d\u00ae<\/title>\n<meta name=\"description\" content=\"Sereni-d ha seguido la formaci\u00f3n experta de Jean-Michel B\u00e9renger sobre las chinches de cama en el INELP. Un aprendizaje esencial para reforzar su experiencia. \u00a1Descubra nuestro compromiso!\" \/>\n<meta name=\"robots\" content=\"index, follow, max-snippet:-1, max-image-preview:large, max-video-preview:-1\" \/>\n<link rel=\"canonical\" href=\"https:\/\/www.sereni-d.com\/es\/noticias\/formacion-chinches-de-cama-inelp\/\" \/>\n<meta property=\"og:locale\" content=\"es_ES\" \/>\n<meta property=\"og:type\" content=\"article\" \/>\n<meta property=\"og:title\" content=\"Formaci\u00f3n sobre Chinches de Cama en INELP con Jean-Michel B\u00e9renger: Experiencia y Profundizaci\u00f3n - Sereni-d\u00ae\" \/>\n<meta property=\"og:description\" content=\"Sereni-d ha seguido la formaci\u00f3n experta de Jean-Michel B\u00e9renger sobre las chinches de cama en el INELP. Un aprendizaje esencial para reforzar su experiencia. \u00a1Descubra nuestro compromiso!\" \/>\n<meta property=\"og:url\" content=\"https:\/\/www.sereni-d.com\/es\/noticias\/formacion-chinches-de-cama-inelp\/\" \/>\n<meta property=\"og:site_name\" content=\"Sereni-d\u00ae\" \/>\n<meta property=\"article:publisher\" content=\"https:\/\/www.facebook.com\/SereniDsante\/\" \/>\n<meta property=\"article:published_time\" content=\"2025-02-26T16:10:15+00:00\" \/>\n<meta property=\"article:modified_time\" content=\"2025-03-20T17:08:31+00:00\" \/>\n<meta property=\"og:image\" content=\"https:\/\/www.sereni-d.com\/wp-content\/uploads\/2025\/02\/inelp.png\" \/>\n\t<meta property=\"og:image:width\" content=\"285\" \/>\n\t<meta property=\"og:image:height\" content=\"310\" \/>\n\t<meta property=\"og:image:type\" content=\"image\/png\" \/>\n<meta name=\"author\" content=\"Marine Falconnet\" \/>\n<meta name=\"twitter:card\" content=\"summary_large_image\" \/>\n<meta name=\"twitter:label1\" content=\"Escrito por\" \/>\n\t<meta name=\"twitter:data1\" content=\"Marine Falconnet\" \/>\n\t<meta name=\"twitter:label2\" content=\"Tiempo de lectura\" \/>\n\t<meta name=\"twitter:data2\" content=\"4 minutos\" \/>\n<script type=\"application\/ld+json\" class=\"yoast-schema-graph\">{\"@context\":\"https:\\\/\\\/schema.org\",\"@graph\":[{\"@type\":\"Article\",\"@id\":\"https:\\\/\\\/www.sereni-d.com\\\/es\\\/noticias\\\/formacion-chinches-de-cama-inelp\\\/#article\",\"isPartOf\":{\"@id\":\"https:\\\/\\\/www.sereni-d.com\\\/es\\\/noticias\\\/formacion-chinches-de-cama-inelp\\\/\"},\"author\":{\"name\":\"Marine Falconnet\",\"@id\":\"https:\\\/\\\/www.sereni-d.com\\\/es\\\/#\\\/schema\\\/person\\\/eb46de43d5cb388b390c922a47d7a138\"},\"headline\":\"Formaci\u00f3n sobre Chinches de Cama en INELP con Jean-Michel B\u00e9renger: Experiencia y Profundizaci\u00f3n\",\"datePublished\":\"2025-02-26T16:10:15+00:00\",\"dateModified\":\"2025-03-20T17:08:31+00:00\",\"mainEntityOfPage\":{\"@id\":\"https:\\\/\\\/www.sereni-d.com\\\/es\\\/noticias\\\/formacion-chinches-de-cama-inelp\\\/\"},\"wordCount\":575,\"commentCount\":0,\"publisher\":{\"@id\":\"https:\\\/\\\/www.sereni-d.com\\\/es\\\/#organization\"},\"image\":{\"@id\":\"https:\\\/\\\/www.sereni-d.com\\\/es\\\/noticias\\\/formacion-chinches-de-cama-inelp\\\/#primaryimage\"},\"thumbnailUrl\":\"https:\\\/\\\/www.sereni-d.com\\\/wp-content\\\/uploads\\\/2025\\\/02\\\/inelp.png\",\"articleSection\":[\"Nuestras noticias\",\"Sin categorizar\"],\"inLanguage\":\"es\",\"potentialAction\":[{\"@type\":\"CommentAction\",\"name\":\"Comment\",\"target\":[\"https:\\\/\\\/www.sereni-d.com\\\/es\\\/noticias\\\/formacion-chinches-de-cama-inelp\\\/#respond\"]}]},{\"@type\":\"WebPage\",\"@id\":\"https:\\\/\\\/www.sereni-d.com\\\/es\\\/noticias\\\/formacion-chinches-de-cama-inelp\\\/\",\"url\":\"https:\\\/\\\/www.sereni-d.com\\\/es\\\/noticias\\\/formacion-chinches-de-cama-inelp\\\/\",\"name\":\"Formaci\u00f3n sobre Chinches de Cama en INELP con Jean-Michel B\u00e9renger: Experiencia y Profundizaci\u00f3n - Sereni-d\u00ae\",\"isPartOf\":{\"@id\":\"https:\\\/\\\/www.sereni-d.com\\\/es\\\/#website\"},\"primaryImageOfPage\":{\"@id\":\"https:\\\/\\\/www.sereni-d.com\\\/es\\\/noticias\\\/formacion-chinches-de-cama-inelp\\\/#primaryimage\"},\"image\":{\"@id\":\"https:\\\/\\\/www.sereni-d.com\\\/es\\\/noticias\\\/formacion-chinches-de-cama-inelp\\\/#primaryimage\"},\"thumbnailUrl\":\"https:\\\/\\\/www.sereni-d.com\\\/wp-content\\\/uploads\\\/2025\\\/02\\\/inelp.png\",\"datePublished\":\"2025-02-26T16:10:15+00:00\",\"dateModified\":\"2025-03-20T17:08:31+00:00\",\"description\":\"Sereni-d ha seguido la formaci\u00f3n experta de Jean-Michel B\u00e9renger sobre las chinches de cama en el INELP. Un aprendizaje esencial para reforzar su experiencia. \u00a1Descubra nuestro compromiso!\",\"breadcrumb\":{\"@id\":\"https:\\\/\\\/www.sereni-d.com\\\/es\\\/noticias\\\/formacion-chinches-de-cama-inelp\\\/#breadcrumb\"},\"inLanguage\":\"es\",\"potentialAction\":[{\"@type\":\"ReadAction\",\"target\":[\"https:\\\/\\\/www.sereni-d.com\\\/es\\\/noticias\\\/formacion-chinches-de-cama-inelp\\\/\"]}]},{\"@type\":\"ImageObject\",\"inLanguage\":\"es\",\"@id\":\"https:\\\/\\\/www.sereni-d.com\\\/es\\\/noticias\\\/formacion-chinches-de-cama-inelp\\\/#primaryimage\",\"url\":\"https:\\\/\\\/www.sereni-d.com\\\/wp-content\\\/uploads\\\/2025\\\/02\\\/inelp.png\",\"contentUrl\":\"https:\\\/\\\/www.sereni-d.com\\\/wp-content\\\/uploads\\\/2025\\\/02\\\/inelp.png\",\"width\":285,\"height\":310},{\"@type\":\"BreadcrumbList\",\"@id\":\"https:\\\/\\\/www.sereni-d.com\\\/es\\\/noticias\\\/formacion-chinches-de-cama-inelp\\\/#breadcrumb\",\"itemListElement\":[{\"@type\":\"ListItem\",\"position\":1,\"name\":\"Inicio\",\"item\":\"https:\\\/\\\/www.sereni-d.com\\\/es\\\/\"},{\"@type\":\"ListItem\",\"position\":2,\"name\":\"Nuestras noticias\",\"item\":\"https:\\\/\\\/www.sereni-d.com\\\/es\\\/noticias\\\/\"},{\"@type\":\"ListItem\",\"position\":3,\"name\":\"Formaci\u00f3n sobre Chinches de Cama en INELP con Jean-Michel B\u00e9renger: Experiencia y Profundizaci\u00f3n\"}]},{\"@type\":\"WebSite\",\"@id\":\"https:\\\/\\\/www.sereni-d.com\\\/es\\\/#website\",\"url\":\"https:\\\/\\\/www.sereni-d.com\\\/es\\\/\",\"name\":\"Sereni-d\u00ae\",\"description\":\"EXPERT Punaises de Lit - Laboratoire SUISSE - Traitements concentr\u00e9s contres les Punaises de Lit. Protection Longue Dur\u00e9e. Efficacit\u00e9 prouv\u00e9e, r\u00e9sultat maximal. Recommand\u00e9 par les professionnels.\",\"publisher\":{\"@id\":\"https:\\\/\\\/www.sereni-d.com\\\/es\\\/#organization\"},\"potentialAction\":[{\"@type\":\"SearchAction\",\"target\":{\"@type\":\"EntryPoint\",\"urlTemplate\":\"https:\\\/\\\/www.sereni-d.com\\\/es\\\/?s={search_term_string}\"},\"query-input\":{\"@type\":\"PropertyValueSpecification\",\"valueRequired\":true,\"valueName\":\"search_term_string\"}}],\"inLanguage\":\"es\"},{\"@type\":\"Organization\",\"@id\":\"https:\\\/\\\/www.sereni-d.com\\\/es\\\/#organization\",\"name\":\"Sereni-d\",\"url\":\"https:\\\/\\\/www.sereni-d.com\\\/es\\\/\",\"logo\":{\"@type\":\"ImageObject\",\"inLanguage\":\"es\",\"@id\":\"https:\\\/\\\/www.sereni-d.com\\\/es\\\/#\\\/schema\\\/logo\\\/image\\\/\",\"url\":\"\",\"contentUrl\":\"\",\"caption\":\"Sereni-d\"},\"image\":{\"@id\":\"https:\\\/\\\/www.sereni-d.com\\\/es\\\/#\\\/schema\\\/logo\\\/image\\\/\"},\"sameAs\":[\"https:\\\/\\\/www.facebook.com\\\/SereniDsante\\\/\",\"https:\\\/\\\/www.instagram.com\\\/serenidsante\\\/\"]},{\"@type\":\"Person\",\"@id\":\"https:\\\/\\\/www.sereni-d.com\\\/es\\\/#\\\/schema\\\/person\\\/eb46de43d5cb388b390c922a47d7a138\",\"name\":\"Marine Falconnet\",\"image\":{\"@type\":\"ImageObject\",\"inLanguage\":\"es\",\"@id\":\"https:\\\/\\\/secure.gravatar.com\\\/avatar\\\/1ae7d3e8db3a757003a96e2aac4cd40f07cb79ac5e50f17f4d03c0532782ab47?s=96&d=mm&r=g\",\"url\":\"https:\\\/\\\/secure.gravatar.com\\\/avatar\\\/1ae7d3e8db3a757003a96e2aac4cd40f07cb79ac5e50f17f4d03c0532782ab47?s=96&d=mm&r=g\",\"contentUrl\":\"https:\\\/\\\/secure.gravatar.com\\\/avatar\\\/1ae7d3e8db3a757003a96e2aac4cd40f07cb79ac5e50f17f4d03c0532782ab47?s=96&d=mm&r=g\",\"caption\":\"Marine Falconnet\"},\"description\":\"Fondatrice du laboratoire suisse Sereni-d\u00ae. Sp\u00e9cialis\u00e9e dans la lutte et la pr\u00e9vention des punaises de lit. Ing\u00e9nieure et m\u00e8re de deux enfants, elle s\u2019engage \u00e0 d\u00e9velopper des alternatives durables pour prot\u00e9ger les familles et notre environnement.\",\"sameAs\":[\"https:\\\/\\\/www.linkedin.com\\\/in\\\/marine-falconnet-31337017\\\/?originalSubdomain=ch\"],\"url\":\"https:\\\/\\\/www.sereni-d.com\\\/es\\\/author\\\/marine\\\/\"}]}<\/script>\n<!-- \/ Yoast SEO plugin. -->","yoast_head_json":{"title":"Formaci\u00f3n sobre Chinches de Cama en INELP con Jean-Michel B\u00e9renger: Experiencia y Profundizaci\u00f3n - Sereni-d\u00ae","description":"Sereni-d ha seguido la formaci\u00f3n experta de Jean-Michel B\u00e9renger sobre las chinches de cama en el INELP. Un aprendizaje esencial para reforzar su experiencia. \u00a1Descubra nuestro compromiso!","robots":{"index":"index","follow":"follow","max-snippet":"max-snippet:-1","max-image-preview":"max-image-preview:large","max-video-preview":"max-video-preview:-1"},"canonical":"https:\/\/www.sereni-d.com\/es\/noticias\/formacion-chinches-de-cama-inelp\/","og_locale":"es_ES","og_type":"article","og_title":"Formaci\u00f3n sobre Chinches de Cama en INELP con Jean-Michel B\u00e9renger: Experiencia y Profundizaci\u00f3n - Sereni-d\u00ae","og_description":"Sereni-d ha seguido la formaci\u00f3n experta de Jean-Michel B\u00e9renger sobre las chinches de cama en el INELP. Un aprendizaje esencial para reforzar su experiencia. \u00a1Descubra nuestro compromiso!","og_url":"https:\/\/www.sereni-d.com\/es\/noticias\/formacion-chinches-de-cama-inelp\/","og_site_name":"Sereni-d\u00ae","article_publisher":"https:\/\/www.facebook.com\/SereniDsante\/","article_published_time":"2025-02-26T16:10:15+00:00","article_modified_time":"2025-03-20T17:08:31+00:00","og_image":[{"width":285,"height":310,"url":"https:\/\/www.sereni-d.com\/wp-content\/uploads\/2025\/02\/inelp.png","type":"image\/png"}],"author":"Marine Falconnet","twitter_card":"summary_large_image","twitter_misc":{"Escrito por":"Marine Falconnet","Tiempo de lectura":"4 minutos"},"schema":{"@context":"https:\/\/schema.org","@graph":[{"@type":"Article","@id":"https:\/\/www.sereni-d.com\/es\/noticias\/formacion-chinches-de-cama-inelp\/#article","isPartOf":{"@id":"https:\/\/www.sereni-d.com\/es\/noticias\/formacion-chinches-de-cama-inelp\/"},"author":{"name":"Marine Falconnet","@id":"https:\/\/www.sereni-d.com\/es\/#\/schema\/person\/eb46de43d5cb388b390c922a47d7a138"},"headline":"Formaci\u00f3n sobre Chinches de Cama en INELP con Jean-Michel B\u00e9renger: Experiencia y Profundizaci\u00f3n","datePublished":"2025-02-26T16:10:15+00:00","dateModified":"2025-03-20T17:08:31+00:00","mainEntityOfPage":{"@id":"https:\/\/www.sereni-d.com\/es\/noticias\/formacion-chinches-de-cama-inelp\/"},"wordCount":575,"commentCount":0,"publisher":{"@id":"https:\/\/www.sereni-d.com\/es\/#organization"},"image":{"@id":"https:\/\/www.sereni-d.com\/es\/noticias\/formacion-chinches-de-cama-inelp\/#primaryimage"},"thumbnailUrl":"https:\/\/www.sereni-d.com\/wp-content\/uploads\/2025\/02\/inelp.png","articleSection":["Nuestras noticias","Sin categorizar"],"inLanguage":"es","potentialAction":[{"@type":"CommentAction","name":"Comment","target":["https:\/\/www.sereni-d.com\/es\/noticias\/formacion-chinches-de-cama-inelp\/#respond"]}]},{"@type":"WebPage","@id":"https:\/\/www.sereni-d.com\/es\/noticias\/formacion-chinches-de-cama-inelp\/","url":"https:\/\/www.sereni-d.com\/es\/noticias\/formacion-chinches-de-cama-inelp\/","name":"Formaci\u00f3n sobre Chinches de Cama en INELP con Jean-Michel B\u00e9renger: Experiencia y Profundizaci\u00f3n - Sereni-d\u00ae","isPartOf":{"@id":"https:\/\/www.sereni-d.com\/es\/#website"},"primaryImageOfPage":{"@id":"https:\/\/www.sereni-d.com\/es\/noticias\/formacion-chinches-de-cama-inelp\/#primaryimage"},"image":{"@id":"https:\/\/www.sereni-d.com\/es\/noticias\/formacion-chinches-de-cama-inelp\/#primaryimage"},"thumbnailUrl":"https:\/\/www.sereni-d.com\/wp-content\/uploads\/2025\/02\/inelp.png","datePublished":"2025-02-26T16:10:15+00:00","dateModified":"2025-03-20T17:08:31+00:00","description":"Sereni-d ha seguido la formaci\u00f3n experta de Jean-Michel B\u00e9renger sobre las chinches de cama en el INELP. Un aprendizaje esencial para reforzar su experiencia. \u00a1Descubra nuestro compromiso!","breadcrumb":{"@id":"https:\/\/www.sereni-d.com\/es\/noticias\/formacion-chinches-de-cama-inelp\/#breadcrumb"},"inLanguage":"es","potentialAction":[{"@type":"ReadAction","target":["https:\/\/www.sereni-d.com\/es\/noticias\/formacion-chinches-de-cama-inelp\/"]}]},{"@type":"ImageObject","inLanguage":"es","@id":"https:\/\/www.sereni-d.com\/es\/noticias\/formacion-chinches-de-cama-inelp\/#primaryimage","url":"https:\/\/www.sereni-d.com\/wp-content\/uploads\/2025\/02\/inelp.png","contentUrl":"https:\/\/www.sereni-d.com\/wp-content\/uploads\/2025\/02\/inelp.png","width":285,"height":310},{"@type":"BreadcrumbList","@id":"https:\/\/www.sereni-d.com\/es\/noticias\/formacion-chinches-de-cama-inelp\/#breadcrumb","itemListElement":[{"@type":"ListItem","position":1,"name":"Inicio","item":"https:\/\/www.sereni-d.com\/es\/"},{"@type":"ListItem","position":2,"name":"Nuestras noticias","item":"https:\/\/www.sereni-d.com\/es\/noticias\/"},{"@type":"ListItem","position":3,"name":"Formaci\u00f3n sobre Chinches de Cama en INELP con Jean-Michel B\u00e9renger: Experiencia y Profundizaci\u00f3n"}]},{"@type":"WebSite","@id":"https:\/\/www.sereni-d.com\/es\/#website","url":"https:\/\/www.sereni-d.com\/es\/","name":"Sereni-d\u00ae","description":"EXPERT Punaises de Lit - Laboratoire SUISSE - Traitements concentr\u00e9s contres les Punaises de Lit. Protection Longue Dur\u00e9e. Efficacit\u00e9 prouv\u00e9e, r\u00e9sultat maximal. Recommand\u00e9 par les professionnels.","publisher":{"@id":"https:\/\/www.sereni-d.com\/es\/#organization"},"potentialAction":[{"@type":"SearchAction","target":{"@type":"EntryPoint","urlTemplate":"https:\/\/www.sereni-d.com\/es\/?s={search_term_string}"},"query-input":{"@type":"PropertyValueSpecification","valueRequired":true,"valueName":"search_term_string"}}],"inLanguage":"es"},{"@type":"Organization","@id":"https:\/\/www.sereni-d.com\/es\/#organization","name":"Sereni-d","url":"https:\/\/www.sereni-d.com\/es\/","logo":{"@type":"ImageObject","inLanguage":"es","@id":"https:\/\/www.sereni-d.com\/es\/#\/schema\/logo\/image\/","url":"","contentUrl":"","caption":"Sereni-d"},"image":{"@id":"https:\/\/www.sereni-d.com\/es\/#\/schema\/logo\/image\/"},"sameAs":["https:\/\/www.facebook.com\/SereniDsante\/","https:\/\/www.instagram.com\/serenidsante\/"]},{"@type":"Person","@id":"https:\/\/www.sereni-d.com\/es\/#\/schema\/person\/eb46de43d5cb388b390c922a47d7a138","name":"Marine Falconnet","image":{"@type":"ImageObject","inLanguage":"es","@id":"https:\/\/secure.gravatar.com\/avatar\/1ae7d3e8db3a757003a96e2aac4cd40f07cb79ac5e50f17f4d03c0532782ab47?s=96&d=mm&r=g","url":"https:\/\/secure.gravatar.com\/avatar\/1ae7d3e8db3a757003a96e2aac4cd40f07cb79ac5e50f17f4d03c0532782ab47?s=96&d=mm&r=g","contentUrl":"https:\/\/secure.gravatar.com\/avatar\/1ae7d3e8db3a757003a96e2aac4cd40f07cb79ac5e50f17f4d03c0532782ab47?s=96&d=mm&r=g","caption":"Marine Falconnet"},"description":"Fondatrice du laboratoire suisse Sereni-d\u00ae. Sp\u00e9cialis\u00e9e dans la lutte et la pr\u00e9vention des punaises de lit. Ing\u00e9nieure et m\u00e8re de deux enfants, elle s\u2019engage \u00e0 d\u00e9velopper des alternatives durables pour prot\u00e9ger les familles et notre environnement.","sameAs":["https:\/\/www.linkedin.com\/in\/marine-falconnet-31337017\/?originalSubdomain=ch"],"url":"https:\/\/www.sereni-d.com\/es\/author\/marine\/"}]}},"_links":{"self":[{"href":"https:\/\/www.sereni-d.com\/es\/wp-json\/wp\/v2\/posts\/12209","targetHints":{"allow":["GET"]}}],"collection":[{"href":"https:\/\/www.sereni-d.com\/es\/wp-json\/wp\/v2\/posts"}],"about":[{"href":"https:\/\/www.sereni-d.com\/es\/wp-json\/wp\/v2\/types\/post"}],"author":[{"embeddable":true,"href":"https:\/\/www.sereni-d.com\/es\/wp-json\/wp\/v2\/users\/3"}],"replies":[{"embeddable":true,"href":"https:\/\/www.sereni-d.com\/es\/wp-json\/wp\/v2\/comments?post=12209"}],"version-history":[{"count":2,"href":"https:\/\/www.sereni-d.com\/es\/wp-json\/wp\/v2\/posts\/12209\/revisions"}],"predecessor-version":[{"id":12234,"href":"https:\/\/www.sereni-d.com\/es\/wp-json\/wp\/v2\/posts\/12209\/revisions\/12234"}],"wp:featuredmedia":[{"embeddable":true,"href":"https:\/\/www.sereni-d.com\/es\/wp-json\/wp\/v2\/media\/12198"}],"wp:attachment":[{"href":"https:\/\/www.sereni-d.com\/es\/wp-json\/wp\/v2\/media?parent=12209"}],"wp:term":[{"taxonomy":"category","embeddable":true,"href":"https:\/\/www.sereni-d.com\/es\/wp-json\/wp\/v2\/categories?post=12209"},{"taxonomy":"post_tag","embeddable":true,"href":"https:\/\/www.sereni-d.com\/es\/wp-json\/wp\/v2\/tags?post=12209"}],"curies":[{"name":"wp","href":"https:\/\/api.w.org\/{rel}","templated":true}]}}